{"id":11393,"date":"2022-11-30T15:04:37","date_gmt":"2022-11-30T20:04:37","guid":{"rendered":"https:\/\/starmed.care\/nay-bo-me-dang-ky-cho-con-ban-tu-5-11-tuoi-di-tiem-vac-xin-covid-19\/"},"modified":"2022-11-30T15:04:49","modified_gmt":"2022-11-30T20:04:49","slug":"nay-bo-me-dang-ky-cho-con-ban-tu-5-11-tuoi-di-tiem-vac-xin-covid-19","status":"publish","type":"post","link":"https:\/\/starmed.care\/vi\/nay-bo-me-dang-ky-cho-con-ban-tu-5-11-tuoi-di-tiem-vac-xin-covid-19\/","title":{"rendered":"N\u00e0y, b\u1ed1 m\u1eb9! \u0110\u0103ng k\u00fd cho con b\u1ea1n t\u1eeb 5-11 tu\u1ed5i \u0111i ti\u00eam v\u1eafc-xin COVID-19"},"content":{"rendered":"\n<p class=\"has-black-color has-text-color has-normal-font-size\">Cho con b\u1ea1n ti\u00eam ph\u00f2ng COVID-19 c\u00f3 th\u1ec3 gi\u00fap ch\u00fang quay tr\u1edf l\u1ea1i l\u00e0m nh\u1eefng g\u00ec ch\u00fang \u0111\u00e3 l\u00e0m tr\u01b0\u1edbc khi \u0111\u1ea1i d\u1ecbch b\u1eaft \u0111\u1ea7u.<\/p>\n\n<div style=\"height:28px\" aria-hidden=\"true\" class=\"wp-block-spacer\"><\/div>\n\n<div class=\"wp-block-image\"><figure class=\"aligncenter size-large\"><img fetchpriority=\"high\" decoding=\"async\" width=\"1024\" height=\"682\" src=\"https:\/\/starmed.care\/wp-content\/uploads\/2021\/10\/kids_vaccine-1024x682.jpg\" alt=\"\" class=\"wp-image-6612\" srcset=\"https:\/\/starmed.care\/wp-content\/uploads\/2021\/10\/kids_vaccine-1024x682.jpg 1024w, https:\/\/starmed.care\/wp-content\/uploads\/2021\/10\/kids_vaccine-300x200.jpg 300w, https:\/\/starmed.care\/wp-content\/uploads\/2021\/10\/kids_vaccine-768x512.jpg 768w, https:\/\/starmed.care\/wp-content\/uploads\/2021\/10\/kids_vaccine-391x260.jpg 391w, https:\/\/starmed.care\/wp-content\/uploads\/2021\/10\/kids_vaccine-1536x1024.jpg 1536w, https:\/\/starmed.care\/wp-content\/uploads\/2021\/10\/kids_vaccine-750x500.jpg 750w, https:\/\/starmed.care\/wp-content\/uploads\/2021\/10\/kids_vaccine.jpg 2000w\" sizes=\"(max-width: 1024px) 100vw, 1024px\" \/><\/figure><\/div>\n\n<p>B\u1ea1n kh\u00f4ng mu\u1ed1n h\u1ecd an to\u00e0n khi h\u1ecd \u0111ang \u1edf tr\u01b0\u1eddng? C\u00f2n khi h\u1ecd \u0111ang ch\u01a1i trong m\u1ed9t \u0111\u1ed9i th\u1ec3 thao th\u00ec sao? Hay \u0111i ch\u01a1i v\u1edbi b\u1ea1n b\u00e8?<\/p>\n\n<p>V\u00e0, khi nh\u1eefng ng\u00e0y l\u1ec5 \u0111ang \u0111\u1ebfn g\u1ea7n, \u0111i\u1ec1u quan tr\u1ecdng l\u00e0 ph\u1ea3i gi\u1eef cho nh\u1eefng ng\u01b0\u1eddi tr\u1ebb tu\u1ed5i, gia \u0111\u00ecnh c\u1ee7a h\u1ecd v\u00e0 \u0111\u1ea1i gia \u0111\u00ecnh c\u1ee7a h\u1ecd \u0111\u01b0\u1ee3c an to\u00e0n \u0111\u1ec3 \u0103n m\u1eebng c\u00f9ng nhau.<\/p>\n\n<p>Ti\u00eam v\u1eafc-xin COVID-19 \u2013 hi\u1ec7n c\u00f3 s\u1eb5n cho tr\u1ebb em t\u1eeb 5-11 tu\u1ed5i \u2013 c\u00f3 th\u1ec3 b\u1ea3o v\u1ec7 con b\u1ea1n kh\u1ecfi vi-r\u00fat v\u00e0 nh\u1eefng ng\u01b0\u1eddi xung quanh con b\u1ea1n. N\u1ebfu h\u1ecd b\u1ecb nhi\u1ec5m vi-r\u00fat, h\u1ecd c\u00f3 th\u1ec3 kh\u00f4ng b\u1ecb b\u1ec7nh nh\u01b0 khi kh\u00f4ng c\u00f3 v\u1eafc-xin.<\/p>\n\n<p>N\u1ebfu b\u1ea1n c\u00f3 con t\u1eeb 5 tu\u1ed5i tr\u1edf l\u00ean, b\u1ea1n c\u00f3 th\u1ec3 \u0111\u1eb7t l\u1ecbch h\u1eb9n ti\u00eam v\u1eafc xin Pfizer tr\u01b0\u1edbc cho con ngay h\u00f4m nay. <a href=\"https:\/\/starmed.care\/vi\/vac-xin-covid-19-cho-tre-em\/\"><strong>B\u1ea5m v\u00e0o \u0111\u00e2y<\/strong><\/a><strong> <\/strong>v\u00e0 l\u00e0m theo quy tr\u00ecnh \u0111\u0103ng k\u00fd. C\u00e1c cu\u1ed9c h\u1eb9n c\u00f3 s\u1eb5n v\u00e0o \u0111\u1ea7u th\u00e1ng 11, \u0111\u00e2y l\u00e0 th\u1eddi \u0111i\u1ec3m ho\u00e0n h\u1ea3o tr\u01b0\u1edbc k\u1ef3 ngh\u1ec9 l\u1ec5.<\/p>\n\n<p>Qu\u00fd v\u1ecb kh\u00f4ng ph\u1ea3i tr\u1ea3 ti\u1ec1n ch\u1ee7ng ng\u1eeba, d\u00f9 c\u00f3 hay kh\u00f4ng c\u00f3 b\u1ea3o hi\u1ec3m.<\/p>\n\n<p>V\u1eafc xin COVID-19 <a href=\"https:\/\/www.cdc.gov\/coronavirus\/2019-ncov\/vaccines\/safety\/safety-of-vaccines.html\" target=\"_blank\" rel=\"noreferrer noopener\"><strong>an to\u00e0n<\/strong><\/a> v\u00e0 <a href=\"https:\/\/www.cdc.gov\/coronavirus\/2019-ncov\/vaccines\/effectiveness.html\" target=\"_blank\" rel=\"noreferrer noopener\"><strong>hi\u1ec7u qu\u1ea3<\/strong><\/a> . H\u00e0ng tri\u1ec7u ng\u01b0\u1eddi l\u1edbn v\u00e0 thanh thi\u1ebfu ni\u00ean tr\u00ean to\u00e0n th\u1ebf gi\u1edbi \u0111\u00e3 \u0111\u01b0\u1ee3c ch\u1ee7ng ng\u1eeba.<\/p>\n\n<p>\u0110\u1ec3 b\u1ea3o v\u1ec7 ho\u00e0n to\u00e0n con b\u1ea1n, tr\u1ebb s\u1ebd c\u1ea7n ti\u00eam m\u0169i v\u1eafc-xin th\u1ee9 hai ba tu\u1ea7n sau m\u0169i ti\u00eam \u0111\u1ea7u ti\u00ean. Vi\u1ec7c ti\u00eam ch\u1ee7ng \u0111\u01b0\u1ee3c thu nh\u1ecf l\u1ea1i cho tr\u1ebb em t\u1eeb 5-11 tu\u1ed5i. Li\u1ec1u l\u01b0\u1ee3ng v\u1eafc-xin Pfizer c\u1ee7a h\u1ecd ch\u1ec9 b\u1eb1ng m\u1ed9t ph\u1ea7n ba li\u1ec1u l\u01b0\u1ee3ng m\u00e0 ng\u01b0\u1eddi l\u1edbn s\u1ebd nh\u1eadn \u0111\u01b0\u1ee3c. M\u1ed9t c\u00e2y kim nh\u1ecf h\u01a1n \u0111\u01b0\u1ee3c s\u1eed d\u1ee5ng \u0111\u1ec3 ti\u00eam, v\u00ec v\u1eady n\u00f3 s\u1ebd kh\u00f4ng g\u00e2y s\u1ee3 h\u00e3i \u0111\u1ed1i v\u1edbi nhi\u1ec1u tr\u1ebb em (v\u00e0 c\u00f3 l\u1ebd c\u1ea3 c\u00e1c b\u1eadc cha m\u1eb9 \u0111ang lo l\u1eafng).<\/p>\n\n<div class=\"wp-block-buttons is-layout-flex wp-block-buttons-is-layout-flex\">\n<div class=\"wp-block-button has-custom-width wp-block-button__width-50\"><a class=\"wp-block-button__link has-white-color has-vivid-red-background-color has-text-color has-background\" href=\"https:\/\/unityphr.com\/campaigns\/starmed\/vaccine\" style=\"border-radius:6px\" target=\"_blank\" rel=\"noreferrer noopener\">\u0110\u0102NG K\u00dd CHO CON NGAY<\/a><\/div>\n<\/div>\n\n<p><\/p>\n","protected":false},"excerpt":{"rendered":"<p>Cho con b\u1ea1n ti\u00eam ph\u00f2ng COVID-19 c\u00f3 th\u1ec3 gi\u00fap ch\u00fang quay tr\u1edf l\u1ea1i l\u00e0m nh\u1eefng g\u00ec ch\u00fang \u0111\u00e3 l\u00e0m tr\u01b0\u1edbc khi \u0111\u1ea1i d\u1ecbch b\u1eaft \u0111\u1ea7u. B\u1ea1n kh\u00f4ng mu\u1ed1n h\u1ecd an to\u00e0n khi h\u1ecd \u0111ang \u1edf tr\u01b0\u1eddng? C\u00f2n khi h\u1ecd \u0111ang ch\u01a1i trong m\u1ed9t \u0111\u1ed9i th\u1ec3 thao th\u00ec sao? Hay \u0111i ch\u01a1i v\u1edbi b\u1ea1n b\u00e8? V\u00e0, [&hellip;]<\/p>\n","protected":false},"author":1,"featured_media":10126,"comment_status":"open","ping_status":"open","sticky":false,"template":"","format":"standard","meta":{"footnotes":""},"categories":[427,425],"tags":[434,433,435,428,431],"post_folder":[],"class_list":["post-11393","post","type-post","status-publish","format-standard","has-post-thumbnail","hentry","category-lieu-phap-khang-the-covid","category-vac-xin-phong-ngua-covid-19","tag-cham-soc-suc-khoe-starmed","tag-covid-19-vi","tag-lieu-phap-khang-the","tag-phong-ngua","tag-virus-corona","clearfix"],"yoast_head":"<!-- This site is optimized with the Yoast SEO plugin v23.9 - https:\/\/yoast.com\/wordpress\/plugins\/seo\/ -->\n<title>N\u00e0y, b\u1ed1 m\u1eb9! \u0110\u0103ng k\u00fd cho con b\u1ea1n t\u1eeb 5-11 tu\u1ed5i \u0111i ti\u00eam v\u1eafc-xin COVID-19 - StarMed Healthcare<\/title>\n<meta name=\"description\" content=\"Cho con b\u1ea1n ti\u00eam ph\u00f2ng COVID-19 c\u00f3 th\u1ec3 gi\u00fap ch\u00fang quay tr\u1edf l\u1ea1i l\u00e0m nh\u1eefng g\u00ec ch\u00fang \u0111\u00e3 l\u00e0m tr\u01b0\u1edbc khi \u0111\u1ea1i d\u1ecbch b\u1eaft \u0111\u1ea7u.\" \/>\n<meta name=\"robots\" content=\"index, follow, max-snippet:-1, max-image-preview:large, max-video-preview:-1\" \/>\n<link rel=\"canonical\" href=\"https:\/\/starmed.care\/vi\/nay-bo-me-dang-ky-cho-con-ban-tu-5-11-tuoi-di-tiem-vac-xin-covid-19\/\" \/>\n<meta property=\"og:locale\" content=\"vi_VN\" \/>\n<meta property=\"og:type\" content=\"article\" \/>\n<meta property=\"og:title\" content=\"N\u00e0y, b\u1ed1 m\u1eb9! \u0110\u0103ng k\u00fd cho con b\u1ea1n t\u1eeb 5-11 tu\u1ed5i \u0111i ti\u00eam v\u1eafc-xin COVID-19 - StarMed Healthcare\" \/>\n<meta property=\"og:description\" content=\"Cho con b\u1ea1n ti\u00eam ph\u00f2ng COVID-19 c\u00f3 th\u1ec3 gi\u00fap ch\u00fang quay tr\u1edf l\u1ea1i l\u00e0m nh\u1eefng g\u00ec ch\u00fang \u0111\u00e3 l\u00e0m tr\u01b0\u1edbc khi \u0111\u1ea1i d\u1ecbch b\u1eaft \u0111\u1ea7u.\" \/>\n<meta property=\"og:url\" content=\"https:\/\/starmed.care\/vi\/nay-bo-me-dang-ky-cho-con-ban-tu-5-11-tuoi-di-tiem-vac-xin-covid-19\/\" \/>\n<meta property=\"og:site_name\" content=\"StarMed Healthcare\" \/>\n<meta property=\"article:publisher\" content=\"https:\/\/www.facebook.com\/StarMedCare\/\" \/>\n<meta property=\"article:published_time\" content=\"2022-11-30T20:04:37+00:00\" \/>\n<meta property=\"article:modified_time\" content=\"2022-11-30T20:04:49+00:00\" \/>\n<meta property=\"og:image\" content=\"https:\/\/starmed.care\/wp-content\/uploads\/2021\/10\/kids_vaccine.jpg\" \/>\n\t<meta property=\"og:image:width\" content=\"2000\" \/>\n\t<meta property=\"og:image:height\" content=\"1333\" \/>\n\t<meta property=\"og:image:type\" content=\"image\/jpeg\" \/>\n<meta name=\"author\" content=\"estro1975\" \/>\n<meta name=\"twitter:card\" content=\"summary_large_image\" \/>\n<meta name=\"twitter:creator\" content=\"@starmedcare\" \/>\n<meta name=\"twitter:site\" content=\"@starmedcare\" \/>\n<meta name=\"twitter:label1\" content=\"Written by\" \/>\n\t<meta name=\"twitter:data1\" content=\"estro1975\" \/>\n\t<meta name=\"twitter:label2\" content=\"Est. reading time\" \/>\n\t<meta name=\"twitter:data2\" content=\"2 minutes\" \/>\n<script type=\"application\/ld+json\" class=\"yoast-schema-graph\">{\"@context\":\"https:\/\/schema.org\",\"@graph\":[{\"@type\":\"Article\",\"@id\":\"https:\/\/starmed.care\/vi\/nay-bo-me-dang-ky-cho-con-ban-tu-5-11-tuoi-di-tiem-vac-xin-covid-19\/#article\",\"isPartOf\":{\"@id\":\"https:\/\/starmed.care\/vi\/nay-bo-me-dang-ky-cho-con-ban-tu-5-11-tuoi-di-tiem-vac-xin-covid-19\/\"},\"author\":{\"name\":\"estro1975\",\"@id\":\"https:\/\/starmed.care\/#\/schema\/person\/3aa1e4f7759c0b1be0788247209753fb\"},\"headline\":\"N\u00e0y, b\u1ed1 m\u1eb9! \u0110\u0103ng k\u00fd cho con b\u1ea1n t\u1eeb 5-11 tu\u1ed5i \u0111i ti\u00eam v\u1eafc-xin COVID-19\",\"datePublished\":\"2022-11-30T20:04:37+00:00\",\"dateModified\":\"2022-11-30T20:04:49+00:00\",\"mainEntityOfPage\":{\"@id\":\"https:\/\/starmed.care\/vi\/nay-bo-me-dang-ky-cho-con-ban-tu-5-11-tuoi-di-tiem-vac-xin-covid-19\/\"},\"wordCount\":480,\"commentCount\":0,\"publisher\":{\"@id\":\"https:\/\/starmed.care\/#organization\"},\"image\":{\"@id\":\"https:\/\/starmed.care\/vi\/nay-bo-me-dang-ky-cho-con-ban-tu-5-11-tuoi-di-tiem-vac-xin-covid-19\/#primaryimage\"},\"thumbnailUrl\":\"https:\/\/starmed.care\/wp-content\/uploads\/2021\/10\/kids_vaccine.jpg\",\"keywords\":[\"Ch\u0103m s\u00f3c s\u1ee9c kh\u1ecfe StarMed\",\"COVID-19\",\"Li\u1ec7u ph\u00e1p kh\u00e1ng th\u1ec3\",\"Ph\u00f2ng ng\u1eeba\",\"virus corona\"],\"articleSection\":[\"Li\u1ec7u ph\u00e1p kh\u00e1ng th\u1ec3 COVID\",\"V\u1eafc-xin ph\u00f2ng ng\u1eeba covid-19\"],\"inLanguage\":\"vi-VN\",\"potentialAction\":[{\"@type\":\"CommentAction\",\"name\":\"Comment\",\"target\":[\"https:\/\/starmed.care\/vi\/nay-bo-me-dang-ky-cho-con-ban-tu-5-11-tuoi-di-tiem-vac-xin-covid-19\/#respond\"]}]},{\"@type\":\"WebPage\",\"@id\":\"https:\/\/starmed.care\/vi\/nay-bo-me-dang-ky-cho-con-ban-tu-5-11-tuoi-di-tiem-vac-xin-covid-19\/\",\"url\":\"https:\/\/starmed.care\/vi\/nay-bo-me-dang-ky-cho-con-ban-tu-5-11-tuoi-di-tiem-vac-xin-covid-19\/\",\"name\":\"N\u00e0y, b\u1ed1 m\u1eb9! \u0110\u0103ng k\u00fd cho con b\u1ea1n t\u1eeb 5-11 tu\u1ed5i \u0111i ti\u00eam v\u1eafc-xin COVID-19 - StarMed Healthcare\",\"isPartOf\":{\"@id\":\"https:\/\/starmed.care\/#website\"},\"primaryImageOfPage\":{\"@id\":\"https:\/\/starmed.care\/vi\/nay-bo-me-dang-ky-cho-con-ban-tu-5-11-tuoi-di-tiem-vac-xin-covid-19\/#primaryimage\"},\"image\":{\"@id\":\"https:\/\/starmed.care\/vi\/nay-bo-me-dang-ky-cho-con-ban-tu-5-11-tuoi-di-tiem-vac-xin-covid-19\/#primaryimage\"},\"thumbnailUrl\":\"https:\/\/starmed.care\/wp-content\/uploads\/2021\/10\/kids_vaccine.jpg\",\"datePublished\":\"2022-11-30T20:04:37+00:00\",\"dateModified\":\"2022-11-30T20:04:49+00:00\",\"description\":\"Cho con b\u1ea1n ti\u00eam ph\u00f2ng COVID-19 c\u00f3 th\u1ec3 gi\u00fap ch\u00fang quay tr\u1edf l\u1ea1i l\u00e0m nh\u1eefng g\u00ec ch\u00fang \u0111\u00e3 l\u00e0m tr\u01b0\u1edbc khi \u0111\u1ea1i d\u1ecbch b\u1eaft \u0111\u1ea7u.\",\"breadcrumb\":{\"@id\":\"https:\/\/starmed.care\/vi\/nay-bo-me-dang-ky-cho-con-ban-tu-5-11-tuoi-di-tiem-vac-xin-covid-19\/#breadcrumb\"},\"inLanguage\":\"vi-VN\",\"potentialAction\":[{\"@type\":\"ReadAction\",\"target\":[\"https:\/\/starmed.care\/vi\/nay-bo-me-dang-ky-cho-con-ban-tu-5-11-tuoi-di-tiem-vac-xin-covid-19\/\"]}]},{\"@type\":\"ImageObject\",\"inLanguage\":\"vi-VN\",\"@id\":\"https:\/\/starmed.care\/vi\/nay-bo-me-dang-ky-cho-con-ban-tu-5-11-tuoi-di-tiem-vac-xin-covid-19\/#primaryimage\",\"url\":\"https:\/\/starmed.care\/wp-content\/uploads\/2021\/10\/kids_vaccine.jpg\",\"contentUrl\":\"https:\/\/starmed.care\/wp-content\/uploads\/2021\/10\/kids_vaccine.jpg\",\"width\":2000,\"height\":1333},{\"@type\":\"BreadcrumbList\",\"@id\":\"https:\/\/starmed.care\/vi\/nay-bo-me-dang-ky-cho-con-ban-tu-5-11-tuoi-di-tiem-vac-xin-covid-19\/#breadcrumb\",\"itemListElement\":[{\"@type\":\"ListItem\",\"position\":1,\"name\":\"Home\",\"item\":\"https:\/\/starmed.care\/\"},{\"@type\":\"ListItem\",\"position\":2,\"name\":\"N\u00e0y, b\u1ed1 m\u1eb9! \u0110\u0103ng k\u00fd cho con b\u1ea1n t\u1eeb 5-11 tu\u1ed5i \u0111i ti\u00eam v\u1eafc-xin COVID-19\"}]},{\"@type\":\"WebSite\",\"@id\":\"https:\/\/starmed.care\/#website\",\"url\":\"https:\/\/starmed.care\/\",\"name\":\"StarMed Healthcare\",\"description\":\"\",\"publisher\":{\"@id\":\"https:\/\/starmed.care\/#organization\"},\"potentialAction\":[{\"@type\":\"SearchAction\",\"target\":{\"@type\":\"EntryPoint\",\"urlTemplate\":\"https:\/\/starmed.care\/?s={search_term_string}\"},\"query-input\":{\"@type\":\"PropertyValueSpecification\",\"valueRequired\":true,\"valueName\":\"search_term_string\"}}],\"inLanguage\":\"vi-VN\"},{\"@type\":\"Organization\",\"@id\":\"https:\/\/starmed.care\/#organization\",\"name\":\"StarMed Healthcare\",\"url\":\"https:\/\/starmed.care\/\",\"logo\":{\"@type\":\"ImageObject\",\"inLanguage\":\"vi-VN\",\"@id\":\"https:\/\/starmed.care\/#\/schema\/logo\/image\/\",\"url\":\"https:\/\/starmed.care\/wp-content\/uploads\/2021\/04\/starmed-navy.png\",\"contentUrl\":\"https:\/\/starmed.care\/wp-content\/uploads\/2021\/04\/starmed-navy.png\",\"width\":350,\"height\":95,\"caption\":\"StarMed Healthcare\"},\"image\":{\"@id\":\"https:\/\/starmed.care\/#\/schema\/logo\/image\/\"},\"sameAs\":[\"https:\/\/www.facebook.com\/StarMedCare\/\",\"https:\/\/x.com\/starmedcare\",\"https:\/\/www.instagram.com\/starmedcare\/\",\"https:\/\/www.youtube.com\/channel\/UClmSeca6AkvUerbHnX0SYkg\"]},{\"@type\":\"Person\",\"@id\":\"https:\/\/starmed.care\/#\/schema\/person\/3aa1e4f7759c0b1be0788247209753fb\",\"name\":\"estro1975\",\"image\":{\"@type\":\"ImageObject\",\"inLanguage\":\"vi-VN\",\"@id\":\"https:\/\/starmed.care\/#\/schema\/person\/image\/\",\"url\":\"https:\/\/secure.gravatar.com\/avatar\/a4da6952819d960f967a7d1766b48487?s=96&d=mm&r=g\",\"contentUrl\":\"https:\/\/secure.gravatar.com\/avatar\/a4da6952819d960f967a7d1766b48487?s=96&d=mm&r=g\",\"caption\":\"estro1975\"}}]}<\/script>\n<!-- \/ Yoast SEO plugin. -->","yoast_head_json":{"title":"N\u00e0y, b\u1ed1 m\u1eb9! \u0110\u0103ng k\u00fd cho con b\u1ea1n t\u1eeb 5-11 tu\u1ed5i \u0111i ti\u00eam v\u1eafc-xin COVID-19 - StarMed Healthcare","description":"Cho con b\u1ea1n ti\u00eam ph\u00f2ng COVID-19 c\u00f3 th\u1ec3 gi\u00fap ch\u00fang quay tr\u1edf l\u1ea1i l\u00e0m nh\u1eefng g\u00ec ch\u00fang \u0111\u00e3 l\u00e0m tr\u01b0\u1edbc khi \u0111\u1ea1i d\u1ecbch b\u1eaft \u0111\u1ea7u.","robots":{"index":"index","follow":"follow","max-snippet":"max-snippet:-1","max-image-preview":"max-image-preview:large","max-video-preview":"max-video-preview:-1"},"canonical":"https:\/\/starmed.care\/vi\/nay-bo-me-dang-ky-cho-con-ban-tu-5-11-tuoi-di-tiem-vac-xin-covid-19\/","og_locale":"vi_VN","og_type":"article","og_title":"N\u00e0y, b\u1ed1 m\u1eb9! \u0110\u0103ng k\u00fd cho con b\u1ea1n t\u1eeb 5-11 tu\u1ed5i \u0111i ti\u00eam v\u1eafc-xin COVID-19 - StarMed Healthcare","og_description":"Cho con b\u1ea1n ti\u00eam ph\u00f2ng COVID-19 c\u00f3 th\u1ec3 gi\u00fap ch\u00fang quay tr\u1edf l\u1ea1i l\u00e0m nh\u1eefng g\u00ec ch\u00fang \u0111\u00e3 l\u00e0m tr\u01b0\u1edbc khi \u0111\u1ea1i d\u1ecbch b\u1eaft \u0111\u1ea7u.","og_url":"https:\/\/starmed.care\/vi\/nay-bo-me-dang-ky-cho-con-ban-tu-5-11-tuoi-di-tiem-vac-xin-covid-19\/","og_site_name":"StarMed Healthcare","article_publisher":"https:\/\/www.facebook.com\/StarMedCare\/","article_published_time":"2022-11-30T20:04:37+00:00","article_modified_time":"2022-11-30T20:04:49+00:00","og_image":[{"width":2000,"height":1333,"url":"https:\/\/starmed.care\/wp-content\/uploads\/2021\/10\/kids_vaccine.jpg","type":"image\/jpeg"}],"author":"estro1975","twitter_card":"summary_large_image","twitter_creator":"@starmedcare","twitter_site":"@starmedcare","twitter_misc":{"Written by":"estro1975","Est. reading time":"2 minutes"},"schema":{"@context":"https:\/\/schema.org","@graph":[{"@type":"Article","@id":"https:\/\/starmed.care\/vi\/nay-bo-me-dang-ky-cho-con-ban-tu-5-11-tuoi-di-tiem-vac-xin-covid-19\/#article","isPartOf":{"@id":"https:\/\/starmed.care\/vi\/nay-bo-me-dang-ky-cho-con-ban-tu-5-11-tuoi-di-tiem-vac-xin-covid-19\/"},"author":{"name":"estro1975","@id":"https:\/\/starmed.care\/#\/schema\/person\/3aa1e4f7759c0b1be0788247209753fb"},"headline":"N\u00e0y, b\u1ed1 m\u1eb9! \u0110\u0103ng k\u00fd cho con b\u1ea1n t\u1eeb 5-11 tu\u1ed5i \u0111i ti\u00eam v\u1eafc-xin COVID-19","datePublished":"2022-11-30T20:04:37+00:00","dateModified":"2022-11-30T20:04:49+00:00","mainEntityOfPage":{"@id":"https:\/\/starmed.care\/vi\/nay-bo-me-dang-ky-cho-con-ban-tu-5-11-tuoi-di-tiem-vac-xin-covid-19\/"},"wordCount":480,"commentCount":0,"publisher":{"@id":"https:\/\/starmed.care\/#organization"},"image":{"@id":"https:\/\/starmed.care\/vi\/nay-bo-me-dang-ky-cho-con-ban-tu-5-11-tuoi-di-tiem-vac-xin-covid-19\/#primaryimage"},"thumbnailUrl":"https:\/\/starmed.care\/wp-content\/uploads\/2021\/10\/kids_vaccine.jpg","keywords":["Ch\u0103m s\u00f3c s\u1ee9c kh\u1ecfe StarMed","COVID-19","Li\u1ec7u ph\u00e1p kh\u00e1ng th\u1ec3","Ph\u00f2ng ng\u1eeba","virus corona"],"articleSection":["Li\u1ec7u ph\u00e1p kh\u00e1ng th\u1ec3 COVID","V\u1eafc-xin ph\u00f2ng ng\u1eeba covid-19"],"inLanguage":"vi-VN","potentialAction":[{"@type":"CommentAction","name":"Comment","target":["https:\/\/starmed.care\/vi\/nay-bo-me-dang-ky-cho-con-ban-tu-5-11-tuoi-di-tiem-vac-xin-covid-19\/#respond"]}]},{"@type":"WebPage","@id":"https:\/\/starmed.care\/vi\/nay-bo-me-dang-ky-cho-con-ban-tu-5-11-tuoi-di-tiem-vac-xin-covid-19\/","url":"https:\/\/starmed.care\/vi\/nay-bo-me-dang-ky-cho-con-ban-tu-5-11-tuoi-di-tiem-vac-xin-covid-19\/","name":"N\u00e0y, b\u1ed1 m\u1eb9! \u0110\u0103ng k\u00fd cho con b\u1ea1n t\u1eeb 5-11 tu\u1ed5i \u0111i ti\u00eam v\u1eafc-xin COVID-19 - StarMed Healthcare","isPartOf":{"@id":"https:\/\/starmed.care\/#website"},"primaryImageOfPage":{"@id":"https:\/\/starmed.care\/vi\/nay-bo-me-dang-ky-cho-con-ban-tu-5-11-tuoi-di-tiem-vac-xin-covid-19\/#primaryimage"},"image":{"@id":"https:\/\/starmed.care\/vi\/nay-bo-me-dang-ky-cho-con-ban-tu-5-11-tuoi-di-tiem-vac-xin-covid-19\/#primaryimage"},"thumbnailUrl":"https:\/\/starmed.care\/wp-content\/uploads\/2021\/10\/kids_vaccine.jpg","datePublished":"2022-11-30T20:04:37+00:00","dateModified":"2022-11-30T20:04:49+00:00","description":"Cho con b\u1ea1n ti\u00eam ph\u00f2ng COVID-19 c\u00f3 th\u1ec3 gi\u00fap ch\u00fang quay tr\u1edf l\u1ea1i l\u00e0m nh\u1eefng g\u00ec ch\u00fang \u0111\u00e3 l\u00e0m tr\u01b0\u1edbc khi \u0111\u1ea1i d\u1ecbch b\u1eaft \u0111\u1ea7u.","breadcrumb":{"@id":"https:\/\/starmed.care\/vi\/nay-bo-me-dang-ky-cho-con-ban-tu-5-11-tuoi-di-tiem-vac-xin-covid-19\/#breadcrumb"},"inLanguage":"vi-VN","potentialAction":[{"@type":"ReadAction","target":["https:\/\/starmed.care\/vi\/nay-bo-me-dang-ky-cho-con-ban-tu-5-11-tuoi-di-tiem-vac-xin-covid-19\/"]}]},{"@type":"ImageObject","inLanguage":"vi-VN","@id":"https:\/\/starmed.care\/vi\/nay-bo-me-dang-ky-cho-con-ban-tu-5-11-tuoi-di-tiem-vac-xin-covid-19\/#primaryimage","url":"https:\/\/starmed.care\/wp-content\/uploads\/2021\/10\/kids_vaccine.jpg","contentUrl":"https:\/\/starmed.care\/wp-content\/uploads\/2021\/10\/kids_vaccine.jpg","width":2000,"height":1333},{"@type":"BreadcrumbList","@id":"https:\/\/starmed.care\/vi\/nay-bo-me-dang-ky-cho-con-ban-tu-5-11-tuoi-di-tiem-vac-xin-covid-19\/#breadcrumb","itemListElement":[{"@type":"ListItem","position":1,"name":"Home","item":"https:\/\/starmed.care\/"},{"@type":"ListItem","position":2,"name":"N\u00e0y, b\u1ed1 m\u1eb9! \u0110\u0103ng k\u00fd cho con b\u1ea1n t\u1eeb 5-11 tu\u1ed5i \u0111i ti\u00eam v\u1eafc-xin COVID-19"}]},{"@type":"WebSite","@id":"https:\/\/starmed.care\/#website","url":"https:\/\/starmed.care\/","name":"StarMed Healthcare","description":"","publisher":{"@id":"https:\/\/starmed.care\/#organization"},"potentialAction":[{"@type":"SearchAction","target":{"@type":"EntryPoint","urlTemplate":"https:\/\/starmed.care\/?s={search_term_string}"},"query-input":{"@type":"PropertyValueSpecification","valueRequired":true,"valueName":"search_term_string"}}],"inLanguage":"vi-VN"},{"@type":"Organization","@id":"https:\/\/starmed.care\/#organization","name":"StarMed Healthcare","url":"https:\/\/starmed.care\/","logo":{"@type":"ImageObject","inLanguage":"vi-VN","@id":"https:\/\/starmed.care\/#\/schema\/logo\/image\/","url":"https:\/\/starmed.care\/wp-content\/uploads\/2021\/04\/starmed-navy.png","contentUrl":"https:\/\/starmed.care\/wp-content\/uploads\/2021\/04\/starmed-navy.png","width":350,"height":95,"caption":"StarMed Healthcare"},"image":{"@id":"https:\/\/starmed.care\/#\/schema\/logo\/image\/"},"sameAs":["https:\/\/www.facebook.com\/StarMedCare\/","https:\/\/x.com\/starmedcare","https:\/\/www.instagram.com\/starmedcare\/","https:\/\/www.youtube.com\/channel\/UClmSeca6AkvUerbHnX0SYkg"]},{"@type":"Person","@id":"https:\/\/starmed.care\/#\/schema\/person\/3aa1e4f7759c0b1be0788247209753fb","name":"estro1975","image":{"@type":"ImageObject","inLanguage":"vi-VN","@id":"https:\/\/starmed.care\/#\/schema\/person\/image\/","url":"https:\/\/secure.gravatar.com\/avatar\/a4da6952819d960f967a7d1766b48487?s=96&d=mm&r=g","contentUrl":"https:\/\/secure.gravatar.com\/avatar\/a4da6952819d960f967a7d1766b48487?s=96&d=mm&r=g","caption":"estro1975"}}]}},"_links":{"self":[{"href":"https:\/\/starmed.care\/vi\/wp-json\/wp\/v2\/posts\/11393","targetHints":{"allow":["GET"]}}],"collection":[{"href":"https:\/\/starmed.care\/vi\/wp-json\/wp\/v2\/posts"}],"about":[{"href":"https:\/\/starmed.care\/vi\/wp-json\/wp\/v2\/types\/post"}],"author":[{"embeddable":true,"href":"https:\/\/starmed.care\/vi\/wp-json\/wp\/v2\/users\/1"}],"replies":[{"embeddable":true,"href":"https:\/\/starmed.care\/vi\/wp-json\/wp\/v2\/comments?post=11393"}],"version-history":[{"count":0,"href":"https:\/\/starmed.care\/vi\/wp-json\/wp\/v2\/posts\/11393\/revisions"}],"wp:featuredmedia":[{"embeddable":true,"href":"https:\/\/starmed.care\/vi\/wp-json\/wp\/v2\/media\/10126"}],"wp:attachment":[{"href":"https:\/\/starmed.care\/vi\/wp-json\/wp\/v2\/media?parent=11393"}],"wp:term":[{"taxonomy":"category","embeddable":true,"href":"https:\/\/starmed.care\/vi\/wp-json\/wp\/v2\/categories?post=11393"},{"taxonomy":"post_tag","embeddable":true,"href":"https:\/\/starmed.care\/vi\/wp-json\/wp\/v2\/tags?post=11393"},{"taxonomy":"post_folder","embeddable":true,"href":"https:\/\/starmed.care\/vi\/wp-json\/wp\/v2\/post_folder?post=11393"}],"curies":[{"name":"wp","href":"https:\/\/api.w.org\/{rel}","templated":true}]}}