{"id":11391,"date":"2022-11-30T15:04:36","date_gmt":"2022-11-30T20:04:36","guid":{"rendered":"https:\/\/starmed.care\/su-that-ve-lieu-phap-khang-the-covid-la-gi\/"},"modified":"2022-11-30T15:04:36","modified_gmt":"2022-11-30T20:04:36","slug":"su-that-ve-lieu-phap-khang-the-covid-la-gi","status":"publish","type":"post","link":"https:\/\/starmed.care\/vi\/su-that-ve-lieu-phap-khang-the-covid-la-gi\/","title":{"rendered":"S\u1ef1 th\u1eadt v\u1ec1 li\u1ec7u ph\u00e1p kh\u00e1ng th\u1ec3 COVID l\u00e0 g\u00ec?"},"content":{"rendered":"","protected":false},"excerpt":{"rendered":"","protected":false},"author":1,"featured_media":10118,"comment_status":"open","ping_status":"open","sticky":false,"template":"","format":"standard","meta":{"footnotes":""},"categories":[427,425],"tags":[434,433,435,428,431],"post_folder":[],"class_list":["post-11391","post","type-post","status-publish","format-standard","has-post-thumbnail","hentry","category-lieu-phap-khang-the-covid","category-vac-xin-phong-ngua-covid-19","tag-cham-soc-suc-khoe-starmed","tag-covid-19-vi","tag-lieu-phap-khang-the","tag-phong-ngua","tag-virus-corona","clearfix"],"yoast_head":"<!-- This site is optimized with the Yoast SEO plugin v23.9 - https:\/\/yoast.com\/wordpress\/plugins\/seo\/ -->\n<title>S\u1ef1 th\u1eadt v\u1ec1 li\u1ec7u ph\u00e1p kh\u00e1ng th\u1ec3 COVID l\u00e0 g\u00ec? - StarMed Healthcare<\/title>\n<meta name=\"description\" content=\"Li\u1ec7u ph\u00e1p kh\u00e1ng th\u1ec3 COVID, ho\u1eb7c li\u1ec7u ph\u00e1p kh\u00e1ng th\u1ec3 \u0111\u01a1n d\u00f2ng, l\u00e0 c\u00e1c protein \u0111\u01b0\u1ee3c t\u1ea1o ra trong ph\u00f2ng th\u00ed nghi\u1ec7m b\u1eaft ch\u01b0\u1edbc kh\u1ea3 n\u0103ng ch\u1ed1ng l\u1ea1i c\u00e1c kh\u00e1ng nguy\u00ean c\u1ee7a h\u1ec7 th\u1ed1ng mi\u1ec5n d\u1ecbch.\" \/>\n<meta name=\"robots\" content=\"index, follow, max-snippet:-1, max-image-preview:large, max-video-preview:-1\" \/>\n<link rel=\"canonical\" href=\"https:\/\/starmed.care\/vi\/su-that-ve-lieu-phap-khang-the-covid-la-gi\/\" \/>\n<meta property=\"og:locale\" content=\"vi_VN\" \/>\n<meta property=\"og:type\" content=\"article\" \/>\n<meta property=\"og:title\" content=\"S\u1ef1 th\u1eadt v\u1ec1 li\u1ec7u ph\u00e1p kh\u00e1ng th\u1ec3 COVID l\u00e0 g\u00ec? - StarMed Healthcare\" \/>\n<meta property=\"og:description\" content=\"Li\u1ec7u ph\u00e1p kh\u00e1ng th\u1ec3 COVID, ho\u1eb7c li\u1ec7u ph\u00e1p kh\u00e1ng th\u1ec3 \u0111\u01a1n d\u00f2ng, l\u00e0 c\u00e1c protein \u0111\u01b0\u1ee3c t\u1ea1o ra trong ph\u00f2ng th\u00ed nghi\u1ec7m b\u1eaft ch\u01b0\u1edbc kh\u1ea3 n\u0103ng ch\u1ed1ng l\u1ea1i c\u00e1c kh\u00e1ng nguy\u00ean c\u1ee7a h\u1ec7 th\u1ed1ng mi\u1ec5n d\u1ecbch.\" \/>\n<meta property=\"og:url\" content=\"https:\/\/starmed.care\/vi\/su-that-ve-lieu-phap-khang-the-covid-la-gi\/\" \/>\n<meta property=\"og:site_name\" content=\"StarMed Healthcare\" \/>\n<meta property=\"article:publisher\" content=\"https:\/\/www.facebook.com\/StarMedCare\/\" \/>\n<meta property=\"article:published_time\" content=\"2022-11-30T20:04:36+00:00\" \/>\n<meta property=\"og:image\" content=\"https:\/\/starmed.care\/wp-content\/uploads\/2021\/10\/AdobeStock_437393434-scaled.jpeg\" \/>\n\t<meta property=\"og:image:width\" content=\"2560\" \/>\n\t<meta property=\"og:image:height\" content=\"1920\" \/>\n\t<meta property=\"og:image:type\" content=\"image\/jpeg\" \/>\n<meta name=\"author\" content=\"estro1975\" \/>\n<meta name=\"twitter:card\" content=\"summary_large_image\" \/>\n<meta name=\"twitter:creator\" content=\"@starmedcare\" \/>\n<meta name=\"twitter:site\" content=\"@starmedcare\" \/>\n<meta name=\"twitter:label1\" content=\"Written by\" \/>\n\t<meta name=\"twitter:data1\" content=\"estro1975\" \/>\n<script type=\"application\/ld+json\" class=\"yoast-schema-graph\">{\"@context\":\"https:\/\/schema.org\",\"@graph\":[{\"@type\":\"Article\",\"@id\":\"https:\/\/starmed.care\/vi\/su-that-ve-lieu-phap-khang-the-covid-la-gi\/#article\",\"isPartOf\":{\"@id\":\"https:\/\/starmed.care\/vi\/su-that-ve-lieu-phap-khang-the-covid-la-gi\/\"},\"author\":{\"name\":\"estro1975\",\"@id\":\"https:\/\/starmed.care\/#\/schema\/person\/3aa1e4f7759c0b1be0788247209753fb\"},\"headline\":\"S\u1ef1 th\u1eadt v\u1ec1 li\u1ec7u ph\u00e1p kh\u00e1ng th\u1ec3 COVID l\u00e0 g\u00ec?\",\"datePublished\":\"2022-11-30T20:04:36+00:00\",\"dateModified\":\"2022-11-30T20:04:36+00:00\",\"mainEntityOfPage\":{\"@id\":\"https:\/\/starmed.care\/vi\/su-that-ve-lieu-phap-khang-the-covid-la-gi\/\"},\"wordCount\":14,\"commentCount\":0,\"publisher\":{\"@id\":\"https:\/\/starmed.care\/#organization\"},\"image\":{\"@id\":\"https:\/\/starmed.care\/vi\/su-that-ve-lieu-phap-khang-the-covid-la-gi\/#primaryimage\"},\"thumbnailUrl\":\"https:\/\/starmed.care\/wp-content\/uploads\/2021\/10\/AdobeStock_437393434-scaled.jpeg\",\"keywords\":[\"Ch\u0103m s\u00f3c s\u1ee9c kh\u1ecfe StarMed\",\"COVID-19\",\"Li\u1ec7u ph\u00e1p kh\u00e1ng th\u1ec3\",\"Ph\u00f2ng ng\u1eeba\",\"virus corona\"],\"articleSection\":[\"Li\u1ec7u ph\u00e1p kh\u00e1ng th\u1ec3 COVID\",\"V\u1eafc-xin ph\u00f2ng ng\u1eeba covid-19\"],\"inLanguage\":\"vi-VN\",\"potentialAction\":[{\"@type\":\"CommentAction\",\"name\":\"Comment\",\"target\":[\"https:\/\/starmed.care\/vi\/su-that-ve-lieu-phap-khang-the-covid-la-gi\/#respond\"]}]},{\"@type\":\"WebPage\",\"@id\":\"https:\/\/starmed.care\/vi\/su-that-ve-lieu-phap-khang-the-covid-la-gi\/\",\"url\":\"https:\/\/starmed.care\/vi\/su-that-ve-lieu-phap-khang-the-covid-la-gi\/\",\"name\":\"S\u1ef1 th\u1eadt v\u1ec1 li\u1ec7u ph\u00e1p kh\u00e1ng th\u1ec3 COVID l\u00e0 g\u00ec? - StarMed Healthcare\",\"isPartOf\":{\"@id\":\"https:\/\/starmed.care\/#website\"},\"primaryImageOfPage\":{\"@id\":\"https:\/\/starmed.care\/vi\/su-that-ve-lieu-phap-khang-the-covid-la-gi\/#primaryimage\"},\"image\":{\"@id\":\"https:\/\/starmed.care\/vi\/su-that-ve-lieu-phap-khang-the-covid-la-gi\/#primaryimage\"},\"thumbnailUrl\":\"https:\/\/starmed.care\/wp-content\/uploads\/2021\/10\/AdobeStock_437393434-scaled.jpeg\",\"datePublished\":\"2022-11-30T20:04:36+00:00\",\"dateModified\":\"2022-11-30T20:04:36+00:00\",\"description\":\"Li\u1ec7u ph\u00e1p kh\u00e1ng th\u1ec3 COVID, ho\u1eb7c li\u1ec7u ph\u00e1p kh\u00e1ng th\u1ec3 \u0111\u01a1n d\u00f2ng, l\u00e0 c\u00e1c protein \u0111\u01b0\u1ee3c t\u1ea1o ra trong ph\u00f2ng th\u00ed nghi\u1ec7m b\u1eaft ch\u01b0\u1edbc kh\u1ea3 n\u0103ng ch\u1ed1ng l\u1ea1i c\u00e1c kh\u00e1ng nguy\u00ean c\u1ee7a h\u1ec7 th\u1ed1ng mi\u1ec5n d\u1ecbch.\",\"breadcrumb\":{\"@id\":\"https:\/\/starmed.care\/vi\/su-that-ve-lieu-phap-khang-the-covid-la-gi\/#breadcrumb\"},\"inLanguage\":\"vi-VN\",\"potentialAction\":[{\"@type\":\"ReadAction\",\"target\":[\"https:\/\/starmed.care\/vi\/su-that-ve-lieu-phap-khang-the-covid-la-gi\/\"]}]},{\"@type\":\"ImageObject\",\"inLanguage\":\"vi-VN\",\"@id\":\"https:\/\/starmed.care\/vi\/su-that-ve-lieu-phap-khang-the-covid-la-gi\/#primaryimage\",\"url\":\"https:\/\/starmed.care\/wp-content\/uploads\/2021\/10\/AdobeStock_437393434-scaled.jpeg\",\"contentUrl\":\"https:\/\/starmed.care\/wp-content\/uploads\/2021\/10\/AdobeStock_437393434-scaled.jpeg\",\"width\":2560,\"height\":1920},{\"@type\":\"BreadcrumbList\",\"@id\":\"https:\/\/starmed.care\/vi\/su-that-ve-lieu-phap-khang-the-covid-la-gi\/#breadcrumb\",\"itemListElement\":[{\"@type\":\"ListItem\",\"position\":1,\"name\":\"Home\",\"item\":\"https:\/\/starmed.care\/\"},{\"@type\":\"ListItem\",\"position\":2,\"name\":\"S\u1ef1 th\u1eadt v\u1ec1 li\u1ec7u ph\u00e1p kh\u00e1ng th\u1ec3 COVID l\u00e0 g\u00ec?\"}]},{\"@type\":\"WebSite\",\"@id\":\"https:\/\/starmed.care\/#website\",\"url\":\"https:\/\/starmed.care\/\",\"name\":\"StarMed Healthcare\",\"description\":\"\",\"publisher\":{\"@id\":\"https:\/\/starmed.care\/#organization\"},\"potentialAction\":[{\"@type\":\"SearchAction\",\"target\":{\"@type\":\"EntryPoint\",\"urlTemplate\":\"https:\/\/starmed.care\/?s={search_term_string}\"},\"query-input\":{\"@type\":\"PropertyValueSpecification\",\"valueRequired\":true,\"valueName\":\"search_term_string\"}}],\"inLanguage\":\"vi-VN\"},{\"@type\":\"Organization\",\"@id\":\"https:\/\/starmed.care\/#organization\",\"name\":\"StarMed Healthcare\",\"url\":\"https:\/\/starmed.care\/\",\"logo\":{\"@type\":\"ImageObject\",\"inLanguage\":\"vi-VN\",\"@id\":\"https:\/\/starmed.care\/#\/schema\/logo\/image\/\",\"url\":\"https:\/\/starmed.care\/wp-content\/uploads\/2021\/04\/starmed-navy.png\",\"contentUrl\":\"https:\/\/starmed.care\/wp-content\/uploads\/2021\/04\/starmed-navy.png\",\"width\":350,\"height\":95,\"caption\":\"StarMed Healthcare\"},\"image\":{\"@id\":\"https:\/\/starmed.care\/#\/schema\/logo\/image\/\"},\"sameAs\":[\"https:\/\/www.facebook.com\/StarMedCare\/\",\"https:\/\/x.com\/starmedcare\",\"https:\/\/www.instagram.com\/starmedcare\/\",\"https:\/\/www.youtube.com\/channel\/UClmSeca6AkvUerbHnX0SYkg\"]},{\"@type\":\"Person\",\"@id\":\"https:\/\/starmed.care\/#\/schema\/person\/3aa1e4f7759c0b1be0788247209753fb\",\"name\":\"estro1975\",\"image\":{\"@type\":\"ImageObject\",\"inLanguage\":\"vi-VN\",\"@id\":\"https:\/\/starmed.care\/#\/schema\/person\/image\/\",\"url\":\"https:\/\/secure.gravatar.com\/avatar\/a4da6952819d960f967a7d1766b48487?s=96&d=mm&r=g\",\"contentUrl\":\"https:\/\/secure.gravatar.com\/avatar\/a4da6952819d960f967a7d1766b48487?s=96&d=mm&r=g\",\"caption\":\"estro1975\"}}]}<\/script>\n<!-- \/ Yoast SEO plugin. -->","yoast_head_json":{"title":"S\u1ef1 th\u1eadt v\u1ec1 li\u1ec7u ph\u00e1p kh\u00e1ng th\u1ec3 COVID l\u00e0 g\u00ec? - StarMed Healthcare","description":"Li\u1ec7u ph\u00e1p kh\u00e1ng th\u1ec3 COVID, ho\u1eb7c li\u1ec7u ph\u00e1p kh\u00e1ng th\u1ec3 \u0111\u01a1n d\u00f2ng, l\u00e0 c\u00e1c protein \u0111\u01b0\u1ee3c t\u1ea1o ra trong ph\u00f2ng th\u00ed nghi\u1ec7m b\u1eaft ch\u01b0\u1edbc kh\u1ea3 n\u0103ng ch\u1ed1ng l\u1ea1i c\u00e1c kh\u00e1ng nguy\u00ean c\u1ee7a h\u1ec7 th\u1ed1ng mi\u1ec5n d\u1ecbch.","robots":{"index":"index","follow":"follow","max-snippet":"max-snippet:-1","max-image-preview":"max-image-preview:large","max-video-preview":"max-video-preview:-1"},"canonical":"https:\/\/starmed.care\/vi\/su-that-ve-lieu-phap-khang-the-covid-la-gi\/","og_locale":"vi_VN","og_type":"article","og_title":"S\u1ef1 th\u1eadt v\u1ec1 li\u1ec7u ph\u00e1p kh\u00e1ng th\u1ec3 COVID l\u00e0 g\u00ec? - StarMed Healthcare","og_description":"Li\u1ec7u ph\u00e1p kh\u00e1ng th\u1ec3 COVID, ho\u1eb7c li\u1ec7u ph\u00e1p kh\u00e1ng th\u1ec3 \u0111\u01a1n d\u00f2ng, l\u00e0 c\u00e1c protein \u0111\u01b0\u1ee3c t\u1ea1o ra trong ph\u00f2ng th\u00ed nghi\u1ec7m b\u1eaft ch\u01b0\u1edbc kh\u1ea3 n\u0103ng ch\u1ed1ng l\u1ea1i c\u00e1c kh\u00e1ng nguy\u00ean c\u1ee7a h\u1ec7 th\u1ed1ng mi\u1ec5n d\u1ecbch.","og_url":"https:\/\/starmed.care\/vi\/su-that-ve-lieu-phap-khang-the-covid-la-gi\/","og_site_name":"StarMed Healthcare","article_publisher":"https:\/\/www.facebook.com\/StarMedCare\/","article_published_time":"2022-11-30T20:04:36+00:00","og_image":[{"width":2560,"height":1920,"url":"https:\/\/starmed.care\/wp-content\/uploads\/2021\/10\/AdobeStock_437393434-scaled.jpeg","type":"image\/jpeg"}],"author":"estro1975","twitter_card":"summary_large_image","twitter_creator":"@starmedcare","twitter_site":"@starmedcare","twitter_misc":{"Written by":"estro1975"},"schema":{"@context":"https:\/\/schema.org","@graph":[{"@type":"Article","@id":"https:\/\/starmed.care\/vi\/su-that-ve-lieu-phap-khang-the-covid-la-gi\/#article","isPartOf":{"@id":"https:\/\/starmed.care\/vi\/su-that-ve-lieu-phap-khang-the-covid-la-gi\/"},"author":{"name":"estro1975","@id":"https:\/\/starmed.care\/#\/schema\/person\/3aa1e4f7759c0b1be0788247209753fb"},"headline":"S\u1ef1 th\u1eadt v\u1ec1 li\u1ec7u ph\u00e1p kh\u00e1ng th\u1ec3 COVID l\u00e0 g\u00ec?","datePublished":"2022-11-30T20:04:36+00:00","dateModified":"2022-11-30T20:04:36+00:00","mainEntityOfPage":{"@id":"https:\/\/starmed.care\/vi\/su-that-ve-lieu-phap-khang-the-covid-la-gi\/"},"wordCount":14,"commentCount":0,"publisher":{"@id":"https:\/\/starmed.care\/#organization"},"image":{"@id":"https:\/\/starmed.care\/vi\/su-that-ve-lieu-phap-khang-the-covid-la-gi\/#primaryimage"},"thumbnailUrl":"https:\/\/starmed.care\/wp-content\/uploads\/2021\/10\/AdobeStock_437393434-scaled.jpeg","keywords":["Ch\u0103m s\u00f3c s\u1ee9c kh\u1ecfe StarMed","COVID-19","Li\u1ec7u ph\u00e1p kh\u00e1ng th\u1ec3","Ph\u00f2ng ng\u1eeba","virus corona"],"articleSection":["Li\u1ec7u ph\u00e1p kh\u00e1ng th\u1ec3 COVID","V\u1eafc-xin ph\u00f2ng ng\u1eeba covid-19"],"inLanguage":"vi-VN","potentialAction":[{"@type":"CommentAction","name":"Comment","target":["https:\/\/starmed.care\/vi\/su-that-ve-lieu-phap-khang-the-covid-la-gi\/#respond"]}]},{"@type":"WebPage","@id":"https:\/\/starmed.care\/vi\/su-that-ve-lieu-phap-khang-the-covid-la-gi\/","url":"https:\/\/starmed.care\/vi\/su-that-ve-lieu-phap-khang-the-covid-la-gi\/","name":"S\u1ef1 th\u1eadt v\u1ec1 li\u1ec7u ph\u00e1p kh\u00e1ng th\u1ec3 COVID l\u00e0 g\u00ec? - StarMed Healthcare","isPartOf":{"@id":"https:\/\/starmed.care\/#website"},"primaryImageOfPage":{"@id":"https:\/\/starmed.care\/vi\/su-that-ve-lieu-phap-khang-the-covid-la-gi\/#primaryimage"},"image":{"@id":"https:\/\/starmed.care\/vi\/su-that-ve-lieu-phap-khang-the-covid-la-gi\/#primaryimage"},"thumbnailUrl":"https:\/\/starmed.care\/wp-content\/uploads\/2021\/10\/AdobeStock_437393434-scaled.jpeg","datePublished":"2022-11-30T20:04:36+00:00","dateModified":"2022-11-30T20:04:36+00:00","description":"Li\u1ec7u ph\u00e1p kh\u00e1ng th\u1ec3 COVID, ho\u1eb7c li\u1ec7u ph\u00e1p kh\u00e1ng th\u1ec3 \u0111\u01a1n d\u00f2ng, l\u00e0 c\u00e1c protein \u0111\u01b0\u1ee3c t\u1ea1o ra trong ph\u00f2ng th\u00ed nghi\u1ec7m b\u1eaft ch\u01b0\u1edbc kh\u1ea3 n\u0103ng ch\u1ed1ng l\u1ea1i c\u00e1c kh\u00e1ng nguy\u00ean c\u1ee7a h\u1ec7 th\u1ed1ng mi\u1ec5n d\u1ecbch.","breadcrumb":{"@id":"https:\/\/starmed.care\/vi\/su-that-ve-lieu-phap-khang-the-covid-la-gi\/#breadcrumb"},"inLanguage":"vi-VN","potentialAction":[{"@type":"ReadAction","target":["https:\/\/starmed.care\/vi\/su-that-ve-lieu-phap-khang-the-covid-la-gi\/"]}]},{"@type":"ImageObject","inLanguage":"vi-VN","@id":"https:\/\/starmed.care\/vi\/su-that-ve-lieu-phap-khang-the-covid-la-gi\/#primaryimage","url":"https:\/\/starmed.care\/wp-content\/uploads\/2021\/10\/AdobeStock_437393434-scaled.jpeg","contentUrl":"https:\/\/starmed.care\/wp-content\/uploads\/2021\/10\/AdobeStock_437393434-scaled.jpeg","width":2560,"height":1920},{"@type":"BreadcrumbList","@id":"https:\/\/starmed.care\/vi\/su-that-ve-lieu-phap-khang-the-covid-la-gi\/#breadcrumb","itemListElement":[{"@type":"ListItem","position":1,"name":"Home","item":"https:\/\/starmed.care\/"},{"@type":"ListItem","position":2,"name":"S\u1ef1 th\u1eadt v\u1ec1 li\u1ec7u ph\u00e1p kh\u00e1ng th\u1ec3 COVID l\u00e0 g\u00ec?"}]},{"@type":"WebSite","@id":"https:\/\/starmed.care\/#website","url":"https:\/\/starmed.care\/","name":"StarMed Healthcare","description":"","publisher":{"@id":"https:\/\/starmed.care\/#organization"},"potentialAction":[{"@type":"SearchAction","target":{"@type":"EntryPoint","urlTemplate":"https:\/\/starmed.care\/?s={search_term_string}"},"query-input":{"@type":"PropertyValueSpecification","valueRequired":true,"valueName":"search_term_string"}}],"inLanguage":"vi-VN"},{"@type":"Organization","@id":"https:\/\/starmed.care\/#organization","name":"StarMed Healthcare","url":"https:\/\/starmed.care\/","logo":{"@type":"ImageObject","inLanguage":"vi-VN","@id":"https:\/\/starmed.care\/#\/schema\/logo\/image\/","url":"https:\/\/starmed.care\/wp-content\/uploads\/2021\/04\/starmed-navy.png","contentUrl":"https:\/\/starmed.care\/wp-content\/uploads\/2021\/04\/starmed-navy.png","width":350,"height":95,"caption":"StarMed Healthcare"},"image":{"@id":"https:\/\/starmed.care\/#\/schema\/logo\/image\/"},"sameAs":["https:\/\/www.facebook.com\/StarMedCare\/","https:\/\/x.com\/starmedcare","https:\/\/www.instagram.com\/starmedcare\/","https:\/\/www.youtube.com\/channel\/UClmSeca6AkvUerbHnX0SYkg"]},{"@type":"Person","@id":"https:\/\/starmed.care\/#\/schema\/person\/3aa1e4f7759c0b1be0788247209753fb","name":"estro1975","image":{"@type":"ImageObject","inLanguage":"vi-VN","@id":"https:\/\/starmed.care\/#\/schema\/person\/image\/","url":"https:\/\/secure.gravatar.com\/avatar\/a4da6952819d960f967a7d1766b48487?s=96&d=mm&r=g","contentUrl":"https:\/\/secure.gravatar.com\/avatar\/a4da6952819d960f967a7d1766b48487?s=96&d=mm&r=g","caption":"estro1975"}}]}},"_links":{"self":[{"href":"https:\/\/starmed.care\/vi\/wp-json\/wp\/v2\/posts\/11391","targetHints":{"allow":["GET"]}}],"collection":[{"href":"https:\/\/starmed.care\/vi\/wp-json\/wp\/v2\/posts"}],"about":[{"href":"https:\/\/starmed.care\/vi\/wp-json\/wp\/v2\/types\/post"}],"author":[{"embeddable":true,"href":"https:\/\/starmed.care\/vi\/wp-json\/wp\/v2\/users\/1"}],"replies":[{"embeddable":true,"href":"https:\/\/starmed.care\/vi\/wp-json\/wp\/v2\/comments?post=11391"}],"version-history":[{"count":0,"href":"https:\/\/starmed.care\/vi\/wp-json\/wp\/v2\/posts\/11391\/revisions"}],"wp:featuredmedia":[{"embeddable":true,"href":"https:\/\/starmed.care\/vi\/wp-json\/wp\/v2\/media\/10118"}],"wp:attachment":[{"href":"https:\/\/starmed.care\/vi\/wp-json\/wp\/v2\/media?parent=11391"}],"wp:term":[{"taxonomy":"category","embeddable":true,"href":"https:\/\/starmed.care\/vi\/wp-json\/wp\/v2\/categories?post=11391"},{"taxonomy":"post_tag","embeddable":true,"href":"https:\/\/starmed.care\/vi\/wp-json\/wp\/v2\/tags?post=11391"},{"taxonomy":"post_folder","embeddable":true,"href":"https:\/\/starmed.care\/vi\/wp-json\/wp\/v2\/post_folder?post=11391"}],"curies":[{"name":"wp","href":"https:\/\/api.w.org\/{rel}","templated":true}]}}