{"id":8316,"date":"2022-06-10T01:59:33","date_gmt":"2022-06-10T05:59:33","guid":{"rendered":"https:\/\/starmed.care\/2022\/06\/dia-nacional-de-los-sobrevivientes-de-cancer-hoy-celebramos-la-esperanza\/"},"modified":"2025-06-18T09:34:28","modified_gmt":"2025-06-18T13:34:28","slug":"dia-nacional-de-los-sobrevivientes-de-cancer-hoy-celebramos-la-esperanza","status":"publish","type":"post","link":"https:\/\/starmed.care\/es\/dia-nacional-de-los-sobrevivientes-de-cancer-hoy-celebramos-la-esperanza\/","title":{"rendered":"D\u00eda Nacional de los Sobrevivientes de C\u00e1ncer: \u00a1Hoy celebramos la esperanza!"},"content":{"rendered":"<div class=\"wp-block-image\">\n<figure class=\"aligncenter size-large\"><img fetchpriority=\"high\" decoding=\"async\" width=\"1024\" height=\"651\" src=\"https:\/\/starmed.care\/wp-content\/uploads\/2021\/01\/moderna_vaccine-1024x651.jpg\" alt=\"\" class=\"wp-image-4194\" srcset=\"https:\/\/starmed.care\/wp-content\/uploads\/2021\/01\/moderna_vaccine-1024x651.jpg 1024w, https:\/\/starmed.care\/wp-content\/uploads\/2021\/01\/moderna_vaccine-300x191.jpg 300w, https:\/\/starmed.care\/wp-content\/uploads\/2021\/01\/moderna_vaccine-768x488.jpg 768w, https:\/\/starmed.care\/wp-content\/uploads\/2021\/01\/moderna_vaccine-1536x977.jpg 1536w, https:\/\/starmed.care\/wp-content\/uploads\/2021\/01\/moderna_vaccine.jpg 1920w\" sizes=\"(max-width: 1024px) 100vw, 1024px\" \/><\/figure><\/div>\n<p>La conmoci\u00f3n de que me dijeran &#8220;tienes c\u00e1ncer&#8221; acababa de inundarme.<\/p>\n\n<p>&#8220;Hagas lo que hagas, no vayas a casa y busques en Google las estad\u00edsticas sobre la supervivencia&#8221;, dijo una enfermera al salir del examen de colonoscopia. Por supuesto, mi esposa y yo hicimos exactamente eso, entre l\u00e1grimas, incluso antes de salir del estacionamiento.<\/p>\n\n<p>La enfermera ten\u00eda raz\u00f3n. Las estad\u00edsticas no eran bonitas, o a mi favor.<\/p>\n\n<p>Pero hoy, <strong>D\u00eda Nacional de los Sobrevivientes de C\u00e1ncer<\/strong> , estoy aqu\u00ed porque soy un hombre afortunado. Sobreviv\u00ed. Han pasado casi cinco a\u00f1os desde que supe que ten\u00eda c\u00e1ncer de colon en etapa 4, que se hab\u00eda extendido a mi h\u00edgado y ganglios linf\u00e1ticos.<\/p>\n\n<p>Hoy es un d\u00eda para celebrar la esperanza y la felicidad de los sobrevivientes de c\u00e1ncer. Es una lucha que cambiar\u00e1 tu vida y la forma en que ves el mundo.  <\/p>\n\n<p>Hay casi 17 millones de sobrevivientes de c\u00e1ncer en los Estados Unidos. Si eres uno, lo amas o cuidas de uno, sonr\u00ede un poco m\u00e1s hoy. Abrazo un poco m\u00e1s. Mira la puesta de sol un momento extra. Todav\u00eda est\u00e1s erguido, y eso es algo hermoso.<\/p>\n\n<p>Recuerdo haber pensado: &#8220;Todo lo que quiero es una oportunidad&#8221;. No importaba la gravedad o el n\u00famero de cirug\u00edas, o sesiones de quimioterapia. Doctor, si me da la oportunidad de sobrevivir, hag\u00e1moslo.<\/p>\n\n<p>No me siento particularmente valiente o heroico. Hice lo que ten\u00eda que hacer. Sobre todo, me siento afortunado. Hay millones de personas que no sobrevivieron a quienes considero h\u00e9roes, junto con las personas que los apoyaron durante su batalla.  <\/p>\n<div class=\"wp-block-image\">\n<figure class=\"alignright size-full is-resized\"><img decoding=\"async\" data-src=\"https:\/\/starmed.care\/wp-content\/uploads\/2022\/06\/photo-of-cliff.png\" alt=\"\" class=\"wp-image-8806 lazyload\" width=\"360\" height=\"242\" data-srcset=\"https:\/\/starmed.care\/wp-content\/uploads\/2022\/06\/photo-of-cliff.png 720w, https:\/\/starmed.care\/wp-content\/uploads\/2022\/06\/photo-of-cliff-300x201.png 300w\" data-sizes=\"(max-width: 360px) 100vw, 360px\" src=\"data:image\/gif;base64,R0lGODlhAQABAAAAACH5BAEKAAEALAAAAAABAAEAAAICTAEAOw==\" style=\"--smush-placeholder-width: 360px; --smush-placeholder-aspect-ratio: 360\/242;\" \/><noscript><img decoding=\"async\" src=\"https:\/\/starmed.care\/wp-content\/uploads\/2022\/06\/photo-of-cliff.png\" alt=\"\" class=\"wp-image-8806\" width=\"360\" height=\"242\" srcset=\"https:\/\/starmed.care\/wp-content\/uploads\/2022\/06\/photo-of-cliff.png 720w, https:\/\/starmed.care\/wp-content\/uploads\/2022\/06\/photo-of-cliff-300x201.png 300w\" sizes=\"(max-width: 360px) 100vw, 360px\" \/><\/noscript><\/figure><\/div>\n<p>Como sobreviviente, solo estoy aqu\u00ed hoy debido a una red de personas:<\/p>\n\n<ul class=\"wp-block-list\"><li>Mi preciosa esposa Cindy y mi hijo Jack, all\u00ed para cada paso del tratamiento y la recuperaci\u00f3n.<\/li><li>Un cirujano dedicado y h\u00e1bil que era honesto y confiado. Su personal fue maravilloso.<\/li><li>Un onc\u00f3logo compasivo y capacitado que dirigi\u00f3 los tratamientos de quimioterapia. Siempre salgo de su oficina sinti\u00e9ndome mejor que cuando entro. Su personal es maravilloso.<\/li><li>Amigos que hab\u00edan pasado por el viaje del c\u00e1ncer y ofrecieron valiosos consejos.<\/li><li>Familiares y amigos con su apoyo inquebrantable. No me trataron de manera diferente; me trataron como Cliff.<\/li><\/ul>\n\n<p>En estos d\u00edas, trato de recordar que cada d\u00eda es un d\u00eda que una parte de m\u00ed en 2017 no pens\u00f3 que vivir\u00eda para ver. Por lo tanto, trato de mostrar m\u00e1s paciencia, comprensi\u00f3n y empat\u00eda. Por muy clich\u00e9 que suene, cada d\u00eda es un regalo. El c\u00e1ncer me ense\u00f1\u00f3 eso.<\/p>\n\n<p>He aprendido la importancia de cuidarse y si algo no est\u00e1 bien, ir a un m\u00e9dico. Es f\u00e1cil ignorar un s\u00edntoma. Tambi\u00e9n aprend\u00ed que el c\u00e1ncer es un enemigo formidable. Lo odio, pero lo respeto.<\/p>\n\n<p>La celebraci\u00f3n de hoy tiene que ver con la esperanza. \u00a1Para los sobrevivientes de c\u00e1ncer, espero que su viaje sea suave y que saquen todo lo que puedan de la vida! Para los cuidadores y los miembros de la familia, no somos sobrevivientes sin usted. Por favor, sepa que sus esfuerzos no tienen precio. Gracias.<\/p>\n\n<p>Esta cita ha sido fijada a mi pared en casa, donde puedo verla todos los d\u00edas:<\/p>\n\n<p>&#8220;El coraje no siempre ruge. A veces el coraje es la vocecita al final del d\u00eda que dice que lo intentar\u00e9 de nuevo ma\u00f1ana&#8221;.<\/p>\n\n<p>Yo, como todos los sobrevivientes de c\u00e1ncer, estoy muy agradecida de estar viviendo mi ma\u00f1ana.<\/p>\n\n<p><em>NOTA: Cliff Mehrtens es el gerente de comunicaciones de StarMed Healthcare.<\/em><\/p>\n","protected":false},"excerpt":{"rendered":"<p>La conmoci\u00f3n de que me dijeran &#8220;tienes c\u00e1ncer&#8221; acababa de inundarme. &#8220;Hagas lo que hagas, no vayas a casa y busques en Google las estad\u00edsticas sobre la supervivencia&#8221;, dijo una enfermera al salir del examen de colonoscopia. Por supuesto, mi esposa y yo hicimos exactamente eso, entre l\u00e1grimas, incluso antes de salir del estacionamiento. La [&hellip;]<\/p>\n","protected":false},"author":1,"featured_media":4195,"comment_status":"open","ping_status":"open","sticky":false,"template":"","format":"standard","meta":{"footnotes":""},"categories":[391,392,382],"tags":[],"post_folder":[],"class_list":["post-8316","post","type-post","status-publish","format-standard","has-post-thumbnail","hentry","category-atencion-primaria","category-atencion-urgente","category-starmed-salud","clearfix"],"yoast_head":"<!-- This site is optimized with the Yoast SEO plugin v23.9 - https:\/\/yoast.com\/wordpress\/plugins\/seo\/ -->\n<title>D\u00eda Nacional de los Sobrevivientes de C\u00e1ncer: \u00a1Hoy celebramos la esperanza! - StarMed Healthcare<\/title>\n<meta name=\"description\" content=\"Cliff Mehrtens, gerente de comunicaciones de StarMed Healthcare, habla sobre su propia experiencia personal en el D\u00eda Nacional de los Sobrevivientes de C\u00e1ncer.\" \/>\n<meta name=\"robots\" content=\"index, follow, max-snippet:-1, max-image-preview:large, max-video-preview:-1\" \/>\n<link rel=\"canonical\" href=\"https:\/\/starmed.care\/es\/dia-nacional-de-los-sobrevivientes-de-cancer-hoy-celebramos-la-esperanza\/\" \/>\n<meta property=\"og:locale\" content=\"es_ES\" \/>\n<meta property=\"og:type\" content=\"article\" \/>\n<meta property=\"og:title\" content=\"| del D\u00eda Nacional de los Sobrevivientes de C\u00e1ncer StarMed Cuidado de la Salud\" \/>\n<meta property=\"og:description\" content=\"Cliff Mehrtens, gerente de comunicaciones de StarMed Healthcare, habla sobre su propia experiencia personal en el D\u00eda Nacional de los Sobrevivientes de C\u00e1ncer.\" \/>\n<meta property=\"og:url\" content=\"https:\/\/starmed.care\/es\/dia-nacional-de-los-sobrevivientes-de-cancer-hoy-celebramos-la-esperanza\/\" \/>\n<meta property=\"og:site_name\" content=\"StarMed Healthcare\" \/>\n<meta property=\"article:publisher\" content=\"https:\/\/www.facebook.com\/StarMedCare\/\" \/>\n<meta property=\"article:published_time\" content=\"2022-06-10T05:59:33+00:00\" \/>\n<meta property=\"article:modified_time\" content=\"2025-06-18T13:34:28+00:00\" \/>\n<meta property=\"og:image\" content=\"https:\/\/starmed.care\/wp-content\/uploads\/2021\/01\/moderna_vaccine-1024x651.jpg\" \/>\n<meta name=\"author\" content=\"estro1975\" \/>\n<meta name=\"twitter:card\" content=\"summary_large_image\" \/>\n<meta name=\"twitter:title\" content=\"| del D\u00eda Nacional de los Sobrevivientes de C\u00e1ncer StarMed Cuidado de la Salud\" \/>\n<meta name=\"twitter:description\" content=\"Cliff Mehrtens, gerente de comunicaciones de StarMed Healthcare, habla sobre su propia experiencia personal en el D\u00eda Nacional de los Sobrevivientes de C\u00e1ncer.\" \/>\n<meta name=\"twitter:image\" content=\"https:\/\/starmed.care\/wp-content\/uploads\/2021\/01\/moderna_vaccine-1024x651.jpg\" \/>\n<meta name=\"twitter:creator\" content=\"@starmedcare\" \/>\n<meta name=\"twitter:site\" content=\"@starmedcare\" \/>\n<meta name=\"twitter:label1\" content=\"Escrito por\" \/>\n\t<meta name=\"twitter:data1\" content=\"estro1975\" \/>\n\t<meta name=\"twitter:label2\" content=\"Tiempo de lectura\" \/>\n\t<meta name=\"twitter:data2\" content=\"3 minutos\" \/>\n<script type=\"application\/ld+json\" class=\"yoast-schema-graph\">{\"@context\":\"https:\/\/schema.org\",\"@graph\":[{\"@type\":\"Article\",\"@id\":\"https:\/\/starmed.care\/es\/dia-nacional-de-los-sobrevivientes-de-cancer-hoy-celebramos-la-esperanza\/#article\",\"isPartOf\":{\"@id\":\"https:\/\/starmed.care\/es\/dia-nacional-de-los-sobrevivientes-de-cancer-hoy-celebramos-la-esperanza\/\"},\"author\":{\"name\":\"estro1975\",\"@id\":\"https:\/\/starmed.care\/#\/schema\/person\/3aa1e4f7759c0b1be0788247209753fb\"},\"headline\":\"D\u00eda Nacional de los Sobrevivientes de C\u00e1ncer: \u00a1Hoy celebramos la esperanza!\",\"datePublished\":\"2022-06-10T05:59:33+00:00\",\"dateModified\":\"2025-06-18T13:34:28+00:00\",\"mainEntityOfPage\":{\"@id\":\"https:\/\/starmed.care\/es\/dia-nacional-de-los-sobrevivientes-de-cancer-hoy-celebramos-la-esperanza\/\"},\"wordCount\":628,\"commentCount\":0,\"publisher\":{\"@id\":\"https:\/\/starmed.care\/#organization\"},\"image\":{\"@id\":\"https:\/\/starmed.care\/es\/dia-nacional-de-los-sobrevivientes-de-cancer-hoy-celebramos-la-esperanza\/#primaryimage\"},\"thumbnailUrl\":\"https:\/\/starmed.care\/wp-content\/uploads\/2021\/01\/moderna_vaccine.jpg\",\"articleSection\":[\"Atenci\u00f3n primaria\",\"Atenci\u00f3n urgente\",\"StarMed Salud\"],\"inLanguage\":\"es\",\"potentialAction\":[{\"@type\":\"CommentAction\",\"name\":\"Comment\",\"target\":[\"https:\/\/starmed.care\/es\/dia-nacional-de-los-sobrevivientes-de-cancer-hoy-celebramos-la-esperanza\/#respond\"]}]},{\"@type\":\"WebPage\",\"@id\":\"https:\/\/starmed.care\/es\/dia-nacional-de-los-sobrevivientes-de-cancer-hoy-celebramos-la-esperanza\/\",\"url\":\"https:\/\/starmed.care\/es\/dia-nacional-de-los-sobrevivientes-de-cancer-hoy-celebramos-la-esperanza\/\",\"name\":\"D\u00eda Nacional de los Sobrevivientes de C\u00e1ncer: \u00a1Hoy celebramos la esperanza! - StarMed Healthcare\",\"isPartOf\":{\"@id\":\"https:\/\/starmed.care\/#website\"},\"primaryImageOfPage\":{\"@id\":\"https:\/\/starmed.care\/es\/dia-nacional-de-los-sobrevivientes-de-cancer-hoy-celebramos-la-esperanza\/#primaryimage\"},\"image\":{\"@id\":\"https:\/\/starmed.care\/es\/dia-nacional-de-los-sobrevivientes-de-cancer-hoy-celebramos-la-esperanza\/#primaryimage\"},\"thumbnailUrl\":\"https:\/\/starmed.care\/wp-content\/uploads\/2021\/01\/moderna_vaccine.jpg\",\"datePublished\":\"2022-06-10T05:59:33+00:00\",\"dateModified\":\"2025-06-18T13:34:28+00:00\",\"description\":\"Cliff Mehrtens, gerente de comunicaciones de StarMed Healthcare, habla sobre su propia experiencia personal en el D\u00eda Nacional de los Sobrevivientes de C\u00e1ncer.\",\"breadcrumb\":{\"@id\":\"https:\/\/starmed.care\/es\/dia-nacional-de-los-sobrevivientes-de-cancer-hoy-celebramos-la-esperanza\/#breadcrumb\"},\"inLanguage\":\"es\",\"potentialAction\":[{\"@type\":\"ReadAction\",\"target\":[\"https:\/\/starmed.care\/es\/dia-nacional-de-los-sobrevivientes-de-cancer-hoy-celebramos-la-esperanza\/\"]}]},{\"@type\":\"ImageObject\",\"inLanguage\":\"es\",\"@id\":\"https:\/\/starmed.care\/es\/dia-nacional-de-los-sobrevivientes-de-cancer-hoy-celebramos-la-esperanza\/#primaryimage\",\"url\":\"https:\/\/starmed.care\/wp-content\/uploads\/2021\/01\/moderna_vaccine.jpg\",\"contentUrl\":\"https:\/\/starmed.care\/wp-content\/uploads\/2021\/01\/moderna_vaccine.jpg\",\"width\":1920,\"height\":1221},{\"@type\":\"BreadcrumbList\",\"@id\":\"https:\/\/starmed.care\/es\/dia-nacional-de-los-sobrevivientes-de-cancer-hoy-celebramos-la-esperanza\/#breadcrumb\",\"itemListElement\":[{\"@type\":\"ListItem\",\"position\":1,\"name\":\"Home\",\"item\":\"https:\/\/starmed.care\/\"},{\"@type\":\"ListItem\",\"position\":2,\"name\":\"D\u00eda Nacional de los Sobrevivientes de C\u00e1ncer: \u00a1Hoy celebramos la esperanza!\"}]},{\"@type\":\"WebSite\",\"@id\":\"https:\/\/starmed.care\/#website\",\"url\":\"https:\/\/starmed.care\/\",\"name\":\"StarMed Healthcare\",\"description\":\"\",\"publisher\":{\"@id\":\"https:\/\/starmed.care\/#organization\"},\"potentialAction\":[{\"@type\":\"SearchAction\",\"target\":{\"@type\":\"EntryPoint\",\"urlTemplate\":\"https:\/\/starmed.care\/?s={search_term_string}\"},\"query-input\":{\"@type\":\"PropertyValueSpecification\",\"valueRequired\":true,\"valueName\":\"search_term_string\"}}],\"inLanguage\":\"es\"},{\"@type\":\"Organization\",\"@id\":\"https:\/\/starmed.care\/#organization\",\"name\":\"StarMed Healthcare\",\"url\":\"https:\/\/starmed.care\/\",\"logo\":{\"@type\":\"ImageObject\",\"inLanguage\":\"es\",\"@id\":\"https:\/\/starmed.care\/#\/schema\/logo\/image\/\",\"url\":\"https:\/\/starmed.care\/wp-content\/uploads\/2021\/04\/starmed-navy.png\",\"contentUrl\":\"https:\/\/starmed.care\/wp-content\/uploads\/2021\/04\/starmed-navy.png\",\"width\":350,\"height\":95,\"caption\":\"StarMed Healthcare\"},\"image\":{\"@id\":\"https:\/\/starmed.care\/#\/schema\/logo\/image\/\"},\"sameAs\":[\"https:\/\/www.facebook.com\/StarMedCare\/\",\"https:\/\/x.com\/starmedcare\",\"https:\/\/www.instagram.com\/starmedcare\/\",\"https:\/\/www.youtube.com\/channel\/UClmSeca6AkvUerbHnX0SYkg\"]},{\"@type\":\"Person\",\"@id\":\"https:\/\/starmed.care\/#\/schema\/person\/3aa1e4f7759c0b1be0788247209753fb\",\"name\":\"estro1975\",\"image\":{\"@type\":\"ImageObject\",\"inLanguage\":\"es\",\"@id\":\"https:\/\/starmed.care\/#\/schema\/person\/image\/\",\"url\":\"https:\/\/secure.gravatar.com\/avatar\/a4da6952819d960f967a7d1766b48487?s=96&d=mm&r=g\",\"contentUrl\":\"https:\/\/secure.gravatar.com\/avatar\/a4da6952819d960f967a7d1766b48487?s=96&d=mm&r=g\",\"caption\":\"estro1975\"}}]}<\/script>\n<!-- \/ Yoast SEO plugin. -->","yoast_head_json":{"title":"D\u00eda Nacional de los Sobrevivientes de C\u00e1ncer: \u00a1Hoy celebramos la esperanza! - StarMed Healthcare","description":"Cliff Mehrtens, gerente de comunicaciones de StarMed Healthcare, habla sobre su propia experiencia personal en el D\u00eda Nacional de los Sobrevivientes de C\u00e1ncer.","robots":{"index":"index","follow":"follow","max-snippet":"max-snippet:-1","max-image-preview":"max-image-preview:large","max-video-preview":"max-video-preview:-1"},"canonical":"https:\/\/starmed.care\/es\/dia-nacional-de-los-sobrevivientes-de-cancer-hoy-celebramos-la-esperanza\/","og_locale":"es_ES","og_type":"article","og_title":"| del D\u00eda Nacional de los Sobrevivientes de C\u00e1ncer StarMed Cuidado de la Salud","og_description":"Cliff Mehrtens, gerente de comunicaciones de StarMed Healthcare, habla sobre su propia experiencia personal en el D\u00eda Nacional de los Sobrevivientes de C\u00e1ncer.","og_url":"https:\/\/starmed.care\/es\/dia-nacional-de-los-sobrevivientes-de-cancer-hoy-celebramos-la-esperanza\/","og_site_name":"StarMed Healthcare","article_publisher":"https:\/\/www.facebook.com\/StarMedCare\/","article_published_time":"2022-06-10T05:59:33+00:00","article_modified_time":"2025-06-18T13:34:28+00:00","og_image":[{"url":"https:\/\/starmed.care\/wp-content\/uploads\/2021\/01\/moderna_vaccine-1024x651.jpg"}],"author":"estro1975","twitter_card":"summary_large_image","twitter_title":"| del D\u00eda Nacional de los Sobrevivientes de C\u00e1ncer StarMed Cuidado de la Salud","twitter_description":"Cliff Mehrtens, gerente de comunicaciones de StarMed Healthcare, habla sobre su propia experiencia personal en el D\u00eda Nacional de los Sobrevivientes de C\u00e1ncer.","twitter_image":"https:\/\/starmed.care\/wp-content\/uploads\/2021\/01\/moderna_vaccine-1024x651.jpg","twitter_creator":"@starmedcare","twitter_site":"@starmedcare","twitter_misc":{"Escrito por":"estro1975","Tiempo de lectura":"3 minutos"},"schema":{"@context":"https:\/\/schema.org","@graph":[{"@type":"Article","@id":"https:\/\/starmed.care\/es\/dia-nacional-de-los-sobrevivientes-de-cancer-hoy-celebramos-la-esperanza\/#article","isPartOf":{"@id":"https:\/\/starmed.care\/es\/dia-nacional-de-los-sobrevivientes-de-cancer-hoy-celebramos-la-esperanza\/"},"author":{"name":"estro1975","@id":"https:\/\/starmed.care\/#\/schema\/person\/3aa1e4f7759c0b1be0788247209753fb"},"headline":"D\u00eda Nacional de los Sobrevivientes de C\u00e1ncer: \u00a1Hoy celebramos la esperanza!","datePublished":"2022-06-10T05:59:33+00:00","dateModified":"2025-06-18T13:34:28+00:00","mainEntityOfPage":{"@id":"https:\/\/starmed.care\/es\/dia-nacional-de-los-sobrevivientes-de-cancer-hoy-celebramos-la-esperanza\/"},"wordCount":628,"commentCount":0,"publisher":{"@id":"https:\/\/starmed.care\/#organization"},"image":{"@id":"https:\/\/starmed.care\/es\/dia-nacional-de-los-sobrevivientes-de-cancer-hoy-celebramos-la-esperanza\/#primaryimage"},"thumbnailUrl":"https:\/\/starmed.care\/wp-content\/uploads\/2021\/01\/moderna_vaccine.jpg","articleSection":["Atenci\u00f3n primaria","Atenci\u00f3n urgente","StarMed Salud"],"inLanguage":"es","potentialAction":[{"@type":"CommentAction","name":"Comment","target":["https:\/\/starmed.care\/es\/dia-nacional-de-los-sobrevivientes-de-cancer-hoy-celebramos-la-esperanza\/#respond"]}]},{"@type":"WebPage","@id":"https:\/\/starmed.care\/es\/dia-nacional-de-los-sobrevivientes-de-cancer-hoy-celebramos-la-esperanza\/","url":"https:\/\/starmed.care\/es\/dia-nacional-de-los-sobrevivientes-de-cancer-hoy-celebramos-la-esperanza\/","name":"D\u00eda Nacional de los Sobrevivientes de C\u00e1ncer: \u00a1Hoy celebramos la esperanza! - StarMed Healthcare","isPartOf":{"@id":"https:\/\/starmed.care\/#website"},"primaryImageOfPage":{"@id":"https:\/\/starmed.care\/es\/dia-nacional-de-los-sobrevivientes-de-cancer-hoy-celebramos-la-esperanza\/#primaryimage"},"image":{"@id":"https:\/\/starmed.care\/es\/dia-nacional-de-los-sobrevivientes-de-cancer-hoy-celebramos-la-esperanza\/#primaryimage"},"thumbnailUrl":"https:\/\/starmed.care\/wp-content\/uploads\/2021\/01\/moderna_vaccine.jpg","datePublished":"2022-06-10T05:59:33+00:00","dateModified":"2025-06-18T13:34:28+00:00","description":"Cliff Mehrtens, gerente de comunicaciones de StarMed Healthcare, habla sobre su propia experiencia personal en el D\u00eda Nacional de los Sobrevivientes de C\u00e1ncer.","breadcrumb":{"@id":"https:\/\/starmed.care\/es\/dia-nacional-de-los-sobrevivientes-de-cancer-hoy-celebramos-la-esperanza\/#breadcrumb"},"inLanguage":"es","potentialAction":[{"@type":"ReadAction","target":["https:\/\/starmed.care\/es\/dia-nacional-de-los-sobrevivientes-de-cancer-hoy-celebramos-la-esperanza\/"]}]},{"@type":"ImageObject","inLanguage":"es","@id":"https:\/\/starmed.care\/es\/dia-nacional-de-los-sobrevivientes-de-cancer-hoy-celebramos-la-esperanza\/#primaryimage","url":"https:\/\/starmed.care\/wp-content\/uploads\/2021\/01\/moderna_vaccine.jpg","contentUrl":"https:\/\/starmed.care\/wp-content\/uploads\/2021\/01\/moderna_vaccine.jpg","width":1920,"height":1221},{"@type":"BreadcrumbList","@id":"https:\/\/starmed.care\/es\/dia-nacional-de-los-sobrevivientes-de-cancer-hoy-celebramos-la-esperanza\/#breadcrumb","itemListElement":[{"@type":"ListItem","position":1,"name":"Home","item":"https:\/\/starmed.care\/"},{"@type":"ListItem","position":2,"name":"D\u00eda Nacional de los Sobrevivientes de C\u00e1ncer: \u00a1Hoy celebramos la esperanza!"}]},{"@type":"WebSite","@id":"https:\/\/starmed.care\/#website","url":"https:\/\/starmed.care\/","name":"StarMed Healthcare","description":"","publisher":{"@id":"https:\/\/starmed.care\/#organization"},"potentialAction":[{"@type":"SearchAction","target":{"@type":"EntryPoint","urlTemplate":"https:\/\/starmed.care\/?s={search_term_string}"},"query-input":{"@type":"PropertyValueSpecification","valueRequired":true,"valueName":"search_term_string"}}],"inLanguage":"es"},{"@type":"Organization","@id":"https:\/\/starmed.care\/#organization","name":"StarMed Healthcare","url":"https:\/\/starmed.care\/","logo":{"@type":"ImageObject","inLanguage":"es","@id":"https:\/\/starmed.care\/#\/schema\/logo\/image\/","url":"https:\/\/starmed.care\/wp-content\/uploads\/2021\/04\/starmed-navy.png","contentUrl":"https:\/\/starmed.care\/wp-content\/uploads\/2021\/04\/starmed-navy.png","width":350,"height":95,"caption":"StarMed Healthcare"},"image":{"@id":"https:\/\/starmed.care\/#\/schema\/logo\/image\/"},"sameAs":["https:\/\/www.facebook.com\/StarMedCare\/","https:\/\/x.com\/starmedcare","https:\/\/www.instagram.com\/starmedcare\/","https:\/\/www.youtube.com\/channel\/UClmSeca6AkvUerbHnX0SYkg"]},{"@type":"Person","@id":"https:\/\/starmed.care\/#\/schema\/person\/3aa1e4f7759c0b1be0788247209753fb","name":"estro1975","image":{"@type":"ImageObject","inLanguage":"es","@id":"https:\/\/starmed.care\/#\/schema\/person\/image\/","url":"https:\/\/secure.gravatar.com\/avatar\/a4da6952819d960f967a7d1766b48487?s=96&d=mm&r=g","contentUrl":"https:\/\/secure.gravatar.com\/avatar\/a4da6952819d960f967a7d1766b48487?s=96&d=mm&r=g","caption":"estro1975"}}]}},"_links":{"self":[{"href":"https:\/\/starmed.care\/es\/wp-json\/wp\/v2\/posts\/8316","targetHints":{"allow":["GET"]}}],"collection":[{"href":"https:\/\/starmed.care\/es\/wp-json\/wp\/v2\/posts"}],"about":[{"href":"https:\/\/starmed.care\/es\/wp-json\/wp\/v2\/types\/post"}],"author":[{"embeddable":true,"href":"https:\/\/starmed.care\/es\/wp-json\/wp\/v2\/users\/1"}],"replies":[{"embeddable":true,"href":"https:\/\/starmed.care\/es\/wp-json\/wp\/v2\/comments?post=8316"}],"version-history":[{"count":0,"href":"https:\/\/starmed.care\/es\/wp-json\/wp\/v2\/posts\/8316\/revisions"}],"wp:featuredmedia":[{"embeddable":true,"href":"https:\/\/starmed.care\/es\/wp-json\/wp\/v2\/media\/4195"}],"wp:attachment":[{"href":"https:\/\/starmed.care\/es\/wp-json\/wp\/v2\/media?parent=8316"}],"wp:term":[{"taxonomy":"category","embeddable":true,"href":"https:\/\/starmed.care\/es\/wp-json\/wp\/v2\/categories?post=8316"},{"taxonomy":"post_tag","embeddable":true,"href":"https:\/\/starmed.care\/es\/wp-json\/wp\/v2\/tags?post=8316"},{"taxonomy":"post_folder","embeddable":true,"href":"https:\/\/starmed.care\/es\/wp-json\/wp\/v2\/post_folder?post=8316"}],"curies":[{"name":"wp","href":"https:\/\/api.w.org\/{rel}","templated":true}]}}